{"id":2815,"date":"2024-09-25T10:42:47","date_gmt":"2024-09-25T08:42:47","guid":{"rendered":"https:\/\/egoitalianostore.com\/acri\/?p=2815"},"modified":"2024-09-25T10:55:26","modified_gmt":"2024-09-25T08:55:26","slug":"partner-della-biennale-dello-stretto","status":"publish","type":"post","link":"https:\/\/egoitalianostore.com\/acri\/partner-della-biennale-dello-stretto\/","title":{"rendered":"Egoitaliano e la rigenerazione urbana e sociale del Meridione."},"content":{"rendered":"<p>Un progetto di rinnovo. Un\u2019innovazione culturale. Un momento di confronto.<br \/>\nUn approfondimento progettuale sul territorio che ha come finalit\u00e0 cogliere le reali potenzialit\u00e0 di rilancio dell\u2019area del Mediterraneo.<\/p>\n<p>\u00c8 cos\u00ec che \u00e8 nata l\u2019idea e poi l\u2019organizzazione de <strong>La Biennale dello Stretto<\/strong>, frutto della tanta volont\u00e0, impegno e lungimiranza dell\u2019architetto <strong>Alfonso Femia<\/strong> e <strong>Francesca Moraci<\/strong>, e di cui quest\u2019anno la seconda edizione \u00e8 iniziata il 18 settembre per terminare il 14 dicembre, tra la Calabria e la Sicilia.<\/p>\n<p>In questa settimana di apertura, l\u2019affluenza \u00e8 stata tanta.<br \/>\nOgni forma d\u2019arte \u00e8 stata la benvenuta ed \u00e8 stata la calamita per l\u2019inizio di questo viaggio, cominciato a <strong>Forte Batteria Siacci a Campo<\/strong> <strong>Calabro<\/strong>, dove un polo espositivo permanente di istallazioni ed esposizioni fotografiche ha fatto da cornice al confronto tra i vari ospiti di queste giornate.<\/p>\n<h2><strong>Egoitaliano e la voglia di fare la differenza per il suo territorio.<\/strong><\/h2>\n<p><img fetchpriority=\"high\" decoding=\"async\" class=\"wp-image-2819 alignleft\" src=\"https:\/\/egoitalianostore.com\/acri\/wp-content\/uploads\/sites\/25\/2024\/09\/divano-SHAI-300x277.jpeg\" alt=\"\" width=\"419\" height=\"387\" srcset=\"https:\/\/egoitalianostore.com\/acri\/wp-content\/uploads\/sites\/25\/2024\/09\/divano-SHAI-300x277.jpeg 300w, https:\/\/egoitalianostore.com\/acri\/wp-content\/uploads\/sites\/25\/2024\/09\/divano-SHAI-768x708.jpeg 768w, https:\/\/egoitalianostore.com\/acri\/wp-content\/uploads\/sites\/25\/2024\/09\/divano-SHAI-600x553.jpeg 600w, https:\/\/egoitalianostore.com\/acri\/wp-content\/uploads\/sites\/25\/2024\/09\/divano-SHAI.jpeg 951w\" sizes=\"(max-width: 419px) 100vw, 419px\" \/><\/p>\n<p>Noi di Egoitaliano, che da sempre abbiamo dimostrato un coinvolto interesse nei confronti del territorio, del nostro Sud, delle sue risorse e potenzialit\u00e0, quest\u2019anno siamo lieti di comunicare di esser diventati <strong>partner ufficiali<\/strong> di questo progetto.<\/p>\n<h3><strong>Nino Scarcella, Direttore Commerciale e fondatore del brand Egoitaliano parla della sostenibilit\u00e0 e di quanto impatta il design sul sociale.<\/strong><\/h3>\n<p>Domenica 22 settembre tra i vari talk ed interviste della mattinata, Nino Scarcella, direttore commerciale e uno dei fondatori dell\u2019azienda materana, ha raccontato la sua esperienza, le difficolt\u00e0 e gli stimoli nel creare un\u2019impresa nel cuore del meridione.<br \/>\nHa sottolineato l\u2019idea di <strong>impresa sostenibile<\/strong> intesa come un\u2019entit\u00e0 attenta ai bisogni delle generazioni future partendo dall\u2019impegno a non sprecare le materie prime e trovare il modo pi\u00f9 intelligente per dare agli scarti una seconda vita.<\/p>\n<p>Tra i vari progetti di <strong>economia circolare<\/strong> messi a terra da Egoitaliano ci sono:<\/p>\n<ul>\n<li><strong>il noleggio a lungo termine di divani, FLIP<\/strong>, servizio attivo presso il nostro store di <strong>Acri<\/strong> (clicca <a href=\"https:\/\/flipegoitaliano.com\" rel=\"nofollow noopener\" target=\"_blank\">qui<\/a> per maggiori informazioni);<\/li>\n<li>la creazione del brand<strong> IWAD &#8211; I Was A Divano<\/strong> per la realizzazione di borse e accessori di design con pezzi di scarto di pelle e tessuti impiegati nella produzione degli imbottiti;<\/li>\n<li>l\u2019uso di <strong>materiali innovativi<\/strong> come il poliestere siliconato proveniente da PET riciclato per l\u2019imbottitura di alcune sedute (vedi il modello <a href=\"https:\/\/www.egoitaliano.com\/prodotti\/divano-astoria\/\" rel=\"nofollow noopener\" target=\"_blank\">Astoria<\/a>).<\/li>\n<\/ul>\n<p>Vieni a trovarci presso il nostro store in Via Alcide de Gasperi, 82 ad Acri (CS).<\/p>\n<style>\na:hover{text-decoration:underline;}<br \/><\/style>\n","protected":false},"excerpt":{"rendered":"<p>Egoitaliano e la rigenerazione del Meridione con la partnership ufficiale della seconda edizione de &#8220;La Biennale dello Stretto&#8221;. <\/p>\n","protected":false},"author":1,"featured_media":2816,"comment_status":"open","ping_status":"open","sticky":false,"template":"","format":"standard","meta":{"_acf_changed":false,"_crosspost_to_1":false,"_crosspost_to_4":false,"_crosspost_to_8":false,"_crosspost_to_9":false,"_crosspost_to_10":false,"_crosspost_to_12":false,"_crosspost_to_13":false,"_crosspost_to_14":false,"_crosspost_to_15":false,"_crosspost_to_16":false,"_crosspost_to_17":false,"_crosspost_to_18":false,"_crosspost_to_19":false,"_crosspost_to_22":false,"_crosspost_to_23":false,"_crosspost_to_26":false,"_crosspost_to_28":false,"_crosspost_to_29":false,"_crosspost_to_32":false,"_crosspost_to_33":false,"_crosspost_to_38":false,"_crosspost_to_39":false,"_crosspost_to_40":false,"_crosspost_to_41":false,"_crosspost_to_42":false,"_crosspost_to_43":false,"footnotes":""},"categories":[10],"tags":[],"class_list":["post-2815","post","type-post","status-publish","format-standard","has-post-thumbnail","hentry","category-news"],"acf":[],"_links":{"self":[{"href":"https:\/\/egoitalianostore.com\/acri\/wp-json\/wp\/v2\/posts\/2815","targetHints":{"allow":["GET"]}}],"collection":[{"href":"https:\/\/egoitalianostore.com\/acri\/wp-json\/wp\/v2\/posts"}],"about":[{"href":"https:\/\/egoitalianostore.com\/acri\/wp-json\/wp\/v2\/types\/post"}],"author":[{"embeddable":true,"href":"https:\/\/egoitalianostore.com\/acri\/wp-json\/wp\/v2\/users\/1"}],"replies":[{"embeddable":true,"href":"https:\/\/egoitalianostore.com\/acri\/wp-json\/wp\/v2\/comments?post=2815"}],"version-history":[{"count":7,"href":"https:\/\/egoitalianostore.com\/acri\/wp-json\/wp\/v2\/posts\/2815\/revisions"}],"predecessor-version":[{"id":2828,"href":"https:\/\/egoitalianostore.com\/acri\/wp-json\/wp\/v2\/posts\/2815\/revisions\/2828"}],"wp:featuredmedia":[{"embeddable":true,"href":"https:\/\/egoitalianostore.com\/acri\/wp-json\/wp\/v2\/media\/2816"}],"wp:attachment":[{"href":"https:\/\/egoitalianostore.com\/acri\/wp-json\/wp\/v2\/media?parent=2815"}],"wp:term":[{"taxonomy":"category","embeddable":true,"href":"https:\/\/egoitalianostore.com\/acri\/wp-json\/wp\/v2\/categories?post=2815"},{"taxonomy":"post_tag","embeddable":true,"href":"https:\/\/egoitalianostore.com\/acri\/wp-json\/wp\/v2\/tags?post=2815"}],"curies":[{"name":"wp","href":"https:\/\/api.w.org\/{rel}","templated":true}]}}